{"id":3486,"date":"2023-07-28T14:53:02","date_gmt":"2023-07-28T12:53:02","guid":{"rendered":"https:\/\/www.hdledshine.com\/?p=3486"},"modified":"2024-04-22T14:53:35","modified_gmt":"2024-04-22T12:53:35","slug":"hd-ledshine-la-fete-nationale-2023","status":"publish","type":"post","link":"https:\/\/www.hdledshine.com\/fr\/nouvelles\/evenements\/hd-ledshine-la-fete-nationale-2023\/","title":{"rendered":"La f\u00eate nationale 2023!"},"content":{"rendered":"<p>C&rsquo;est avec plaisir que nous nous rem\u00e9morons le concert spectaculaire organis\u00e9 \u00e0 l&rsquo;occasion de la f\u00eate nationale du 21 juillet dans le magnifique parc du Cinquantenaire, au c\u0153ur de Bruxelles. Cet \u00e9v\u00e9nement m\u00e9morable a marqu\u00e9 non seulement la c\u00e9l\u00e9bration de la fiert\u00e9 nationale, mais aussi la comm\u00e9moration honorable des dix ans de r\u00e8gne du roi Philippe. Ce fut un honneur de participer \u00e0 ce projet !<\/p>\n<p>En tant que fournisseur d&rsquo;\u00e9crans LED, nous avons jou\u00e9 un r\u00f4le crucial dans la r\u00e9alisation de ce concert inoubliable. Nous avons fourni pas moins de 160 m\u00e8tres carr\u00e9s de LED r\u00e9partis sur l&rsquo;ensemble du site de l&rsquo;\u00e9v\u00e9nement. Nous nous r\u00e9jouissons de pouvoir cr\u00e9er encore d&rsquo;autres moments inoubliables \u00e0 l&rsquo;avenir !<\/p>\n<p>\u00cates-vous \u00e9galement int\u00e9ress\u00e9 par la location d&rsquo;un \u00e9cran LED pour votre \u00e9v\u00e9nement ?<\/p>\n<p>Contactez HD Ledshine pour une offre de prix.<\/p>\n","protected":false},"excerpt":{"rendered":"<p>C&rsquo;est avec plaisir que nous nous rem\u00e9morons le concert spectaculaire organis\u00e9 \u00e0 l&rsquo;occasion de la f\u00eate nationale du 21 juillet&#8230;<\/p>\n","protected":false},"author":2,"featured_media":3489,"comment_status":"closed","ping_status":"closed","sticky":false,"template":"","format":"standard","meta":{"_acf_changed":false,"inline_featured_image":false,"footnotes":""},"categories":[33],"tags":[],"class_list":["post-3486","post","type-post","status-publish","format-standard","has-post-thumbnail","hentry","category-evenements"],"acf":[],"yoast_head":"<!-- This site is optimized with the Yoast SEO plugin v27.0 - https:\/\/yoast.com\/product\/yoast-seo-wordpress\/ -->\n<title>La f\u00eate nationale 2023! - HD Ledshine<\/title>\n<meta name=\"description\" content=\"HD Ledshine a donn\u00e9 vie au concert spectaculaire organis\u00e9 en l&#039;honneur de la f\u00eate nationale le 21 juillet dans le parc du Cinquantenaire \u00e0 Bruxelles gr\u00e2ce \u00e0 160 m\u00e8tres carr\u00e9s d&#039;\u00e9crans LED!\" \/>\n<meta name=\"robots\" content=\"index, follow, max-snippet:-1, max-image-preview:large, max-video-preview:-1\" \/>\n<link rel=\"canonical\" href=\"https:\/\/www.hdledshine.com\/fr\/nouvelles\/evenements\/hd-ledshine-la-fete-nationale-2023\/\" \/>\n<meta property=\"og:locale\" content=\"fr_FR\" \/>\n<meta property=\"og:type\" content=\"article\" \/>\n<meta property=\"og:title\" content=\"La f\u00eate nationale 2023! - HD Ledshine\" \/>\n<meta property=\"og:description\" content=\"HD Ledshine a donn\u00e9 vie au concert spectaculaire organis\u00e9 en l&#039;honneur de la f\u00eate nationale le 21 juillet dans le parc du Cinquantenaire \u00e0 Bruxelles gr\u00e2ce \u00e0 160 m\u00e8tres carr\u00e9s d&#039;\u00e9crans LED!\" \/>\n<meta property=\"og:url\" content=\"https:\/\/www.hdledshine.com\/fr\/nouvelles\/evenements\/hd-ledshine-la-fete-nationale-2023\/\" \/>\n<meta property=\"og:site_name\" content=\"HD Ledshine\" \/>\n<meta property=\"article:publisher\" content=\"https:\/\/www.facebook.com\/hdledshine\" \/>\n<meta property=\"article:published_time\" content=\"2023-07-28T12:53:02+00:00\" \/>\n<meta property=\"article:modified_time\" content=\"2024-04-22T12:53:35+00:00\" \/>\n<meta property=\"og:image\" content=\"https:\/\/www.hdledshine.com\/wp-content\/uploads\/2024\/04\/uitgelichte-foto-fd-scaled.jpg\" \/>\n\t<meta property=\"og:image:width\" content=\"2560\" \/>\n\t<meta property=\"og:image:height\" content=\"1441\" \/>\n\t<meta property=\"og:image:type\" content=\"image\/jpeg\" \/>\n<meta name=\"author\" content=\"info@hdledshine.com\" \/>\n<meta name=\"twitter:card\" content=\"summary_large_image\" \/>\n<meta name=\"twitter:label1\" content=\"\u00c9crit par\" \/>\n\t<meta name=\"twitter:data1\" content=\"info@hdledshine.com\" \/>\n\t<meta name=\"twitter:label2\" content=\"Dur\u00e9e de lecture estim\u00e9e\" \/>\n\t<meta name=\"twitter:data2\" content=\"2 minutes\" \/>\n<script type=\"application\/ld+json\" class=\"yoast-schema-graph\">{\"@context\":\"https:\/\/schema.org\",\"@graph\":[{\"@type\":\"Article\",\"@id\":\"https:\/\/www.hdledshine.com\/fr\/nouvelles\/evenements\/hd-ledshine-la-fete-nationale-2023\/#article\",\"isPartOf\":{\"@id\":\"https:\/\/www.hdledshine.com\/fr\/nouvelles\/evenements\/hd-ledshine-la-fete-nationale-2023\/\"},\"author\":{\"name\":\"info@hdledshine.com\",\"@id\":\"https:\/\/www.hdledshine.com\/fr\/#\/schema\/person\/6170132a3ff0e957be63c285adfa541c\"},\"headline\":\"La f\u00eate nationale 2023!\",\"datePublished\":\"2023-07-28T12:53:02+00:00\",\"dateModified\":\"2024-04-22T12:53:35+00:00\",\"mainEntityOfPage\":{\"@id\":\"https:\/\/www.hdledshine.com\/fr\/nouvelles\/evenements\/hd-ledshine-la-fete-nationale-2023\/\"},\"wordCount\":160,\"publisher\":{\"@id\":\"https:\/\/www.hdledshine.com\/fr\/#organization\"},\"image\":{\"@id\":\"https:\/\/www.hdledshine.com\/fr\/nouvelles\/evenements\/hd-ledshine-la-fete-nationale-2023\/#primaryimage\"},\"thumbnailUrl\":\"https:\/\/www.hdledshine.com\/wp-content\/uploads\/2024\/04\/uitgelichte-foto-fd-scaled.jpg\",\"articleSection\":[\"Ev\u00e9nements\"],\"inLanguage\":\"fr-FR\"},{\"@type\":\"WebPage\",\"@id\":\"https:\/\/www.hdledshine.com\/fr\/nouvelles\/evenements\/hd-ledshine-la-fete-nationale-2023\/\",\"url\":\"https:\/\/www.hdledshine.com\/fr\/nouvelles\/evenements\/hd-ledshine-la-fete-nationale-2023\/\",\"name\":\"La f\u00eate nationale 2023! - HD Ledshine\",\"isPartOf\":{\"@id\":\"https:\/\/www.hdledshine.com\/fr\/#website\"},\"primaryImageOfPage\":{\"@id\":\"https:\/\/www.hdledshine.com\/fr\/nouvelles\/evenements\/hd-ledshine-la-fete-nationale-2023\/#primaryimage\"},\"image\":{\"@id\":\"https:\/\/www.hdledshine.com\/fr\/nouvelles\/evenements\/hd-ledshine-la-fete-nationale-2023\/#primaryimage\"},\"thumbnailUrl\":\"https:\/\/www.hdledshine.com\/wp-content\/uploads\/2024\/04\/uitgelichte-foto-fd-scaled.jpg\",\"datePublished\":\"2023-07-28T12:53:02+00:00\",\"dateModified\":\"2024-04-22T12:53:35+00:00\",\"description\":\"HD Ledshine a donn\u00e9 vie au concert spectaculaire organis\u00e9 en l'honneur de la f\u00eate nationale le 21 juillet dans le parc du Cinquantenaire \u00e0 Bruxelles gr\u00e2ce \u00e0 160 m\u00e8tres carr\u00e9s d'\u00e9crans LED!\",\"breadcrumb\":{\"@id\":\"https:\/\/www.hdledshine.com\/fr\/nouvelles\/evenements\/hd-ledshine-la-fete-nationale-2023\/#breadcrumb\"},\"inLanguage\":\"fr-FR\",\"potentialAction\":[{\"@type\":\"ReadAction\",\"target\":[\"https:\/\/www.hdledshine.com\/fr\/nouvelles\/evenements\/hd-ledshine-la-fete-nationale-2023\/\"]}]},{\"@type\":\"ImageObject\",\"inLanguage\":\"fr-FR\",\"@id\":\"https:\/\/www.hdledshine.com\/fr\/nouvelles\/evenements\/hd-ledshine-la-fete-nationale-2023\/#primaryimage\",\"url\":\"https:\/\/www.hdledshine.com\/wp-content\/uploads\/2024\/04\/uitgelichte-foto-fd-scaled.jpg\",\"contentUrl\":\"https:\/\/www.hdledshine.com\/wp-content\/uploads\/2024\/04\/uitgelichte-foto-fd-scaled.jpg\",\"width\":2560,\"height\":1441},{\"@type\":\"BreadcrumbList\",\"@id\":\"https:\/\/www.hdledshine.com\/fr\/nouvelles\/evenements\/hd-ledshine-la-fete-nationale-2023\/#breadcrumb\",\"itemListElement\":[{\"@type\":\"ListItem\",\"position\":1,\"name\":\"Home\",\"item\":\"https:\/\/www.hdledshine.com\/fr\/\"},{\"@type\":\"ListItem\",\"position\":2,\"name\":\"Ev\u00e9nements\",\"item\":\"https:\/\/www.hdledshine.com\/fr\/nouvelles\/evenements\/\"},{\"@type\":\"ListItem\",\"position\":3,\"name\":\"La f\u00eate nationale 2023!\"}]},{\"@type\":\"WebSite\",\"@id\":\"https:\/\/www.hdledshine.com\/fr\/#website\",\"url\":\"https:\/\/www.hdledshine.com\/fr\/\",\"name\":\"HD Ledshine\",\"description\":\"\",\"publisher\":{\"@id\":\"https:\/\/www.hdledshine.com\/fr\/#organization\"},\"potentialAction\":[{\"@type\":\"SearchAction\",\"target\":{\"@type\":\"EntryPoint\",\"urlTemplate\":\"https:\/\/www.hdledshine.com\/fr\/?s={search_term_string}\"},\"query-input\":{\"@type\":\"PropertyValueSpecification\",\"valueRequired\":true,\"valueName\":\"search_term_string\"}}],\"inLanguage\":\"fr-FR\"},{\"@type\":\"Organization\",\"@id\":\"https:\/\/www.hdledshine.com\/fr\/#organization\",\"name\":\"HD Ledshine\",\"url\":\"https:\/\/www.hdledshine.com\/fr\/\",\"logo\":{\"@type\":\"ImageObject\",\"inLanguage\":\"fr-FR\",\"@id\":\"https:\/\/www.hdledshine.com\/fr\/#\/schema\/logo\/image\/\",\"url\":\"https:\/\/www.hdledshine.com\/wp-content\/uploads\/2022\/02\/logo.png\",\"contentUrl\":\"https:\/\/www.hdledshine.com\/wp-content\/uploads\/2022\/02\/logo.png\",\"width\":327,\"height\":56,\"caption\":\"HD Ledshine\"},\"image\":{\"@id\":\"https:\/\/www.hdledshine.com\/fr\/#\/schema\/logo\/image\/\"},\"sameAs\":[\"https:\/\/www.facebook.com\/hdledshine\",\"https:\/\/www.instagram.com\/hd.ledshine\/\",\"https:\/\/www.linkedin.com\/company\/hdledshine\/\"]},{\"@type\":\"Person\",\"@id\":\"https:\/\/www.hdledshine.com\/fr\/#\/schema\/person\/6170132a3ff0e957be63c285adfa541c\",\"name\":\"info@hdledshine.com\",\"image\":{\"@type\":\"ImageObject\",\"inLanguage\":\"fr-FR\",\"@id\":\"https:\/\/www.hdledshine.com\/fr\/#\/schema\/person\/image\/\",\"url\":\"https:\/\/secure.gravatar.com\/avatar\/e8e6d325ddad94ce3d6dd9a4db6671f9253403bc74ff3e9f5d6c49def4f85a2f?s=96&d=mm&r=g\",\"contentUrl\":\"https:\/\/secure.gravatar.com\/avatar\/e8e6d325ddad94ce3d6dd9a4db6671f9253403bc74ff3e9f5d6c49def4f85a2f?s=96&d=mm&r=g\",\"caption\":\"info@hdledshine.com\"}}]}<\/script>\n<!-- \/ Yoast SEO plugin. -->","yoast_head_json":{"title":"La f\u00eate nationale 2023! - HD Ledshine","description":"HD Ledshine a donn\u00e9 vie au concert spectaculaire organis\u00e9 en l'honneur de la f\u00eate nationale le 21 juillet dans le parc du Cinquantenaire \u00e0 Bruxelles gr\u00e2ce \u00e0 160 m\u00e8tres carr\u00e9s d'\u00e9crans LED!","robots":{"index":"index","follow":"follow","max-snippet":"max-snippet:-1","max-image-preview":"max-image-preview:large","max-video-preview":"max-video-preview:-1"},"canonical":"https:\/\/www.hdledshine.com\/fr\/nouvelles\/evenements\/hd-ledshine-la-fete-nationale-2023\/","og_locale":"fr_FR","og_type":"article","og_title":"La f\u00eate nationale 2023! - HD Ledshine","og_description":"HD Ledshine a donn\u00e9 vie au concert spectaculaire organis\u00e9 en l'honneur de la f\u00eate nationale le 21 juillet dans le parc du Cinquantenaire \u00e0 Bruxelles gr\u00e2ce \u00e0 160 m\u00e8tres carr\u00e9s d'\u00e9crans LED!","og_url":"https:\/\/www.hdledshine.com\/fr\/nouvelles\/evenements\/hd-ledshine-la-fete-nationale-2023\/","og_site_name":"HD Ledshine","article_publisher":"https:\/\/www.facebook.com\/hdledshine","article_published_time":"2023-07-28T12:53:02+00:00","article_modified_time":"2024-04-22T12:53:35+00:00","og_image":[{"width":2560,"height":1441,"url":"https:\/\/www.hdledshine.com\/wp-content\/uploads\/2024\/04\/uitgelichte-foto-fd-scaled.jpg","type":"image\/jpeg"}],"author":"info@hdledshine.com","twitter_card":"summary_large_image","twitter_misc":{"\u00c9crit par":"info@hdledshine.com","Dur\u00e9e de lecture estim\u00e9e":"2 minutes"},"schema":{"@context":"https:\/\/schema.org","@graph":[{"@type":"Article","@id":"https:\/\/www.hdledshine.com\/fr\/nouvelles\/evenements\/hd-ledshine-la-fete-nationale-2023\/#article","isPartOf":{"@id":"https:\/\/www.hdledshine.com\/fr\/nouvelles\/evenements\/hd-ledshine-la-fete-nationale-2023\/"},"author":{"name":"info@hdledshine.com","@id":"https:\/\/www.hdledshine.com\/fr\/#\/schema\/person\/6170132a3ff0e957be63c285adfa541c"},"headline":"La f\u00eate nationale 2023!","datePublished":"2023-07-28T12:53:02+00:00","dateModified":"2024-04-22T12:53:35+00:00","mainEntityOfPage":{"@id":"https:\/\/www.hdledshine.com\/fr\/nouvelles\/evenements\/hd-ledshine-la-fete-nationale-2023\/"},"wordCount":160,"publisher":{"@id":"https:\/\/www.hdledshine.com\/fr\/#organization"},"image":{"@id":"https:\/\/www.hdledshine.com\/fr\/nouvelles\/evenements\/hd-ledshine-la-fete-nationale-2023\/#primaryimage"},"thumbnailUrl":"https:\/\/www.hdledshine.com\/wp-content\/uploads\/2024\/04\/uitgelichte-foto-fd-scaled.jpg","articleSection":["Ev\u00e9nements"],"inLanguage":"fr-FR"},{"@type":"WebPage","@id":"https:\/\/www.hdledshine.com\/fr\/nouvelles\/evenements\/hd-ledshine-la-fete-nationale-2023\/","url":"https:\/\/www.hdledshine.com\/fr\/nouvelles\/evenements\/hd-ledshine-la-fete-nationale-2023\/","name":"La f\u00eate nationale 2023! - HD Ledshine","isPartOf":{"@id":"https:\/\/www.hdledshine.com\/fr\/#website"},"primaryImageOfPage":{"@id":"https:\/\/www.hdledshine.com\/fr\/nouvelles\/evenements\/hd-ledshine-la-fete-nationale-2023\/#primaryimage"},"image":{"@id":"https:\/\/www.hdledshine.com\/fr\/nouvelles\/evenements\/hd-ledshine-la-fete-nationale-2023\/#primaryimage"},"thumbnailUrl":"https:\/\/www.hdledshine.com\/wp-content\/uploads\/2024\/04\/uitgelichte-foto-fd-scaled.jpg","datePublished":"2023-07-28T12:53:02+00:00","dateModified":"2024-04-22T12:53:35+00:00","description":"HD Ledshine a donn\u00e9 vie au concert spectaculaire organis\u00e9 en l'honneur de la f\u00eate nationale le 21 juillet dans le parc du Cinquantenaire \u00e0 Bruxelles gr\u00e2ce \u00e0 160 m\u00e8tres carr\u00e9s d'\u00e9crans LED!","breadcrumb":{"@id":"https:\/\/www.hdledshine.com\/fr\/nouvelles\/evenements\/hd-ledshine-la-fete-nationale-2023\/#breadcrumb"},"inLanguage":"fr-FR","potentialAction":[{"@type":"ReadAction","target":["https:\/\/www.hdledshine.com\/fr\/nouvelles\/evenements\/hd-ledshine-la-fete-nationale-2023\/"]}]},{"@type":"ImageObject","inLanguage":"fr-FR","@id":"https:\/\/www.hdledshine.com\/fr\/nouvelles\/evenements\/hd-ledshine-la-fete-nationale-2023\/#primaryimage","url":"https:\/\/www.hdledshine.com\/wp-content\/uploads\/2024\/04\/uitgelichte-foto-fd-scaled.jpg","contentUrl":"https:\/\/www.hdledshine.com\/wp-content\/uploads\/2024\/04\/uitgelichte-foto-fd-scaled.jpg","width":2560,"height":1441},{"@type":"BreadcrumbList","@id":"https:\/\/www.hdledshine.com\/fr\/nouvelles\/evenements\/hd-ledshine-la-fete-nationale-2023\/#breadcrumb","itemListElement":[{"@type":"ListItem","position":1,"name":"Home","item":"https:\/\/www.hdledshine.com\/fr\/"},{"@type":"ListItem","position":2,"name":"Ev\u00e9nements","item":"https:\/\/www.hdledshine.com\/fr\/nouvelles\/evenements\/"},{"@type":"ListItem","position":3,"name":"La f\u00eate nationale 2023!"}]},{"@type":"WebSite","@id":"https:\/\/www.hdledshine.com\/fr\/#website","url":"https:\/\/www.hdledshine.com\/fr\/","name":"HD Ledshine","description":"","publisher":{"@id":"https:\/\/www.hdledshine.com\/fr\/#organization"},"potentialAction":[{"@type":"SearchAction","target":{"@type":"EntryPoint","urlTemplate":"https:\/\/www.hdledshine.com\/fr\/?s={search_term_string}"},"query-input":{"@type":"PropertyValueSpecification","valueRequired":true,"valueName":"search_term_string"}}],"inLanguage":"fr-FR"},{"@type":"Organization","@id":"https:\/\/www.hdledshine.com\/fr\/#organization","name":"HD Ledshine","url":"https:\/\/www.hdledshine.com\/fr\/","logo":{"@type":"ImageObject","inLanguage":"fr-FR","@id":"https:\/\/www.hdledshine.com\/fr\/#\/schema\/logo\/image\/","url":"https:\/\/www.hdledshine.com\/wp-content\/uploads\/2022\/02\/logo.png","contentUrl":"https:\/\/www.hdledshine.com\/wp-content\/uploads\/2022\/02\/logo.png","width":327,"height":56,"caption":"HD Ledshine"},"image":{"@id":"https:\/\/www.hdledshine.com\/fr\/#\/schema\/logo\/image\/"},"sameAs":["https:\/\/www.facebook.com\/hdledshine","https:\/\/www.instagram.com\/hd.ledshine\/","https:\/\/www.linkedin.com\/company\/hdledshine\/"]},{"@type":"Person","@id":"https:\/\/www.hdledshine.com\/fr\/#\/schema\/person\/6170132a3ff0e957be63c285adfa541c","name":"info@hdledshine.com","image":{"@type":"ImageObject","inLanguage":"fr-FR","@id":"https:\/\/www.hdledshine.com\/fr\/#\/schema\/person\/image\/","url":"https:\/\/secure.gravatar.com\/avatar\/e8e6d325ddad94ce3d6dd9a4db6671f9253403bc74ff3e9f5d6c49def4f85a2f?s=96&d=mm&r=g","contentUrl":"https:\/\/secure.gravatar.com\/avatar\/e8e6d325ddad94ce3d6dd9a4db6671f9253403bc74ff3e9f5d6c49def4f85a2f?s=96&d=mm&r=g","caption":"info@hdledshine.com"}}]}},"_links":{"self":[{"href":"https:\/\/www.hdledshine.com\/fr\/wp-json\/wp\/v2\/posts\/3486","targetHints":{"allow":["GET"]}}],"collection":[{"href":"https:\/\/www.hdledshine.com\/fr\/wp-json\/wp\/v2\/posts"}],"about":[{"href":"https:\/\/www.hdledshine.com\/fr\/wp-json\/wp\/v2\/types\/post"}],"author":[{"embeddable":true,"href":"https:\/\/www.hdledshine.com\/fr\/wp-json\/wp\/v2\/users\/2"}],"replies":[{"embeddable":true,"href":"https:\/\/www.hdledshine.com\/fr\/wp-json\/wp\/v2\/comments?post=3486"}],"version-history":[{"count":2,"href":"https:\/\/www.hdledshine.com\/fr\/wp-json\/wp\/v2\/posts\/3486\/revisions"}],"predecessor-version":[{"id":3495,"href":"https:\/\/www.hdledshine.com\/fr\/wp-json\/wp\/v2\/posts\/3486\/revisions\/3495"}],"wp:featuredmedia":[{"embeddable":true,"href":"https:\/\/www.hdledshine.com\/fr\/wp-json\/wp\/v2\/media\/3489"}],"wp:attachment":[{"href":"https:\/\/www.hdledshine.com\/fr\/wp-json\/wp\/v2\/media?parent=3486"}],"wp:term":[{"taxonomy":"category","embeddable":true,"href":"https:\/\/www.hdledshine.com\/fr\/wp-json\/wp\/v2\/categories?post=3486"},{"taxonomy":"post_tag","embeddable":true,"href":"https:\/\/www.hdledshine.com\/fr\/wp-json\/wp\/v2\/tags?post=3486"}],"curies":[{"name":"wp","href":"https:\/\/api.w.org\/{rel}","templated":true}]}}