{"id":3509,"date":"2023-04-15T15:30:23","date_gmt":"2023-04-15T13:30:23","guid":{"rendered":"https:\/\/www.hdledshine.com\/?p=3509"},"modified":"2024-04-22T15:50:28","modified_gmt":"2024-04-22T13:50:28","slug":"grand-prix-de-belgique-2023-spa-francorchamps","status":"publish","type":"post","link":"https:\/\/www.hdledshine.com\/fr\/nouvelles\/evenements\/grand-prix-de-belgique-2023-spa-francorchamps\/","title":{"rendered":"HD Ledshine au Grand Prix de Belgique 2023 \u00e0 Spa-Francorchamps"},"content":{"rendered":"<p>C&rsquo;est au c\u0153ur des Ardennes belges, sur le c\u00e9l\u00e8bre circuit de Spa-Francorchamps, que s&rsquo;est d\u00e9roul\u00e9 le Grand Prix de Belgique 2023. Pour HD Ledshine, comme l&rsquo;ann\u00e9e pr\u00e9c\u00e9dente, ce fut un honneur de participer \u00e0 ce spectacle en fournissant nos \u00e9crans Led de haute qualit\u00e9 qui ont donn\u00e9 vie \u00e0 l&rsquo;action pour des milliers de fans.<\/p>\n<p>Le long du circuit, plusieurs de nos \u00e9crans mobiles \u00e9taient expos\u00e9s : au total, nous avons plac\u00e9 sept \u00e9crans, dont le plus grand sur le Radaillon, qui offrait une surface de visualisation de pas moins de 144m\u00b2. Nous avons \u00e9galement install\u00e9 un \u00e9cran de 91 m\u00b2 et cinq \u00e9crans d&rsquo;environ 30 m\u00b2.<\/p>\n<p>En tant que fournisseur d&rsquo;\u00e9crans LED pour l&rsquo;\u00e9v\u00e9nementiel, HD Ledshine est fier du r\u00f4le qu&rsquo;il a jou\u00e9 dans le succ\u00e8s du Grand Prix de Belgique 2023. Nous sommes impatients de contribuer \u00e0 d&rsquo;autres \u00e9v\u00e9nements inoubliables \u00e0 l&rsquo;avenir !<\/p>\n","protected":false},"excerpt":{"rendered":"<p>C&rsquo;est au c\u0153ur des Ardennes belges, sur le c\u00e9l\u00e8bre circuit de Spa-Francorchamps, que s&rsquo;est d\u00e9roul\u00e9 le Grand Prix de Belgique&#8230;<\/p>\n","protected":false},"author":2,"featured_media":3501,"comment_status":"closed","ping_status":"closed","sticky":false,"template":"","format":"standard","meta":{"_acf_changed":false,"inline_featured_image":false,"footnotes":""},"categories":[33],"tags":[],"class_list":["post-3509","post","type-post","status-publish","format-standard","has-post-thumbnail","hentry","category-evenements"],"acf":[],"yoast_head":"<!-- This site is optimized with the Yoast SEO plugin v27.0 - https:\/\/yoast.com\/product\/yoast-seo-wordpress\/ -->\n<title>HD Ledshine au Grand Prix de Belgique 2023 \u00e0 Spa-Francorchamps - HD Ledshine<\/title>\n<meta name=\"description\" content=\"HD Ledshine a brill\u00e9 lors du Grand Prix de Belgique 2023 \u00e0 Spa-Francorchamps avec des \u00e9crans LED de haute qualit\u00e9 qui ont donn\u00e9 vie \u00e0 l&#039;action pour des milliers de fans.\" \/>\n<meta name=\"robots\" content=\"index, follow, max-snippet:-1, max-image-preview:large, max-video-preview:-1\" \/>\n<link rel=\"canonical\" href=\"https:\/\/www.hdledshine.com\/fr\/nouvelles\/evenements\/grand-prix-de-belgique-2023-spa-francorchamps\/\" \/>\n<meta property=\"og:locale\" content=\"fr_FR\" \/>\n<meta property=\"og:type\" content=\"article\" \/>\n<meta property=\"og:title\" content=\"HD Ledshine au Grand Prix de Belgique 2023 \u00e0 Spa-Francorchamps - HD Ledshine\" \/>\n<meta property=\"og:description\" content=\"HD Ledshine a brill\u00e9 lors du Grand Prix de Belgique 2023 \u00e0 Spa-Francorchamps avec des \u00e9crans LED de haute qualit\u00e9 qui ont donn\u00e9 vie \u00e0 l&#039;action pour des milliers de fans.\" \/>\n<meta property=\"og:url\" content=\"https:\/\/www.hdledshine.com\/fr\/nouvelles\/evenements\/grand-prix-de-belgique-2023-spa-francorchamps\/\" \/>\n<meta property=\"og:site_name\" content=\"HD Ledshine\" \/>\n<meta property=\"article:publisher\" content=\"https:\/\/www.facebook.com\/hdledshine\" \/>\n<meta property=\"article:published_time\" content=\"2023-04-15T13:30:23+00:00\" \/>\n<meta property=\"article:modified_time\" content=\"2024-04-22T13:50:28+00:00\" \/>\n<meta property=\"og:image\" content=\"https:\/\/www.hdledshine.com\/wp-content\/uploads\/2024\/04\/spa-uitgelicht-scaled.jpg\" \/>\n\t<meta property=\"og:image:width\" content=\"2560\" \/>\n\t<meta property=\"og:image:height\" content=\"1211\" \/>\n\t<meta property=\"og:image:type\" content=\"image\/jpeg\" \/>\n<meta name=\"author\" content=\"info@hdledshine.com\" \/>\n<meta name=\"twitter:card\" content=\"summary_large_image\" \/>\n<meta name=\"twitter:label1\" content=\"\u00c9crit par\" \/>\n\t<meta name=\"twitter:data1\" content=\"info@hdledshine.com\" \/>\n\t<meta name=\"twitter:label2\" content=\"Dur\u00e9e de lecture estim\u00e9e\" \/>\n\t<meta name=\"twitter:data2\" content=\"1 minute\" \/>\n<script type=\"application\/ld+json\" class=\"yoast-schema-graph\">{\"@context\":\"https:\/\/schema.org\",\"@graph\":[{\"@type\":\"Article\",\"@id\":\"https:\/\/www.hdledshine.com\/fr\/nouvelles\/evenements\/grand-prix-de-belgique-2023-spa-francorchamps\/#article\",\"isPartOf\":{\"@id\":\"https:\/\/www.hdledshine.com\/fr\/nouvelles\/evenements\/grand-prix-de-belgique-2023-spa-francorchamps\/\"},\"author\":{\"name\":\"info@hdledshine.com\",\"@id\":\"https:\/\/www.hdledshine.com\/fr\/#\/schema\/person\/6170132a3ff0e957be63c285adfa541c\"},\"headline\":\"HD Ledshine au Grand Prix de Belgique 2023 \u00e0 Spa-Francorchamps\",\"datePublished\":\"2023-04-15T13:30:23+00:00\",\"dateModified\":\"2024-04-22T13:50:28+00:00\",\"mainEntityOfPage\":{\"@id\":\"https:\/\/www.hdledshine.com\/fr\/nouvelles\/evenements\/grand-prix-de-belgique-2023-spa-francorchamps\/\"},\"wordCount\":165,\"publisher\":{\"@id\":\"https:\/\/www.hdledshine.com\/fr\/#organization\"},\"image\":{\"@id\":\"https:\/\/www.hdledshine.com\/fr\/nouvelles\/evenements\/grand-prix-de-belgique-2023-spa-francorchamps\/#primaryimage\"},\"thumbnailUrl\":\"https:\/\/www.hdledshine.com\/wp-content\/uploads\/2024\/04\/spa-uitgelicht-scaled.jpg\",\"articleSection\":[\"Ev\u00e9nements\"],\"inLanguage\":\"fr-FR\"},{\"@type\":\"WebPage\",\"@id\":\"https:\/\/www.hdledshine.com\/fr\/nouvelles\/evenements\/grand-prix-de-belgique-2023-spa-francorchamps\/\",\"url\":\"https:\/\/www.hdledshine.com\/fr\/nouvelles\/evenements\/grand-prix-de-belgique-2023-spa-francorchamps\/\",\"name\":\"HD Ledshine au Grand Prix de Belgique 2023 \u00e0 Spa-Francorchamps - HD Ledshine\",\"isPartOf\":{\"@id\":\"https:\/\/www.hdledshine.com\/fr\/#website\"},\"primaryImageOfPage\":{\"@id\":\"https:\/\/www.hdledshine.com\/fr\/nouvelles\/evenements\/grand-prix-de-belgique-2023-spa-francorchamps\/#primaryimage\"},\"image\":{\"@id\":\"https:\/\/www.hdledshine.com\/fr\/nouvelles\/evenements\/grand-prix-de-belgique-2023-spa-francorchamps\/#primaryimage\"},\"thumbnailUrl\":\"https:\/\/www.hdledshine.com\/wp-content\/uploads\/2024\/04\/spa-uitgelicht-scaled.jpg\",\"datePublished\":\"2023-04-15T13:30:23+00:00\",\"dateModified\":\"2024-04-22T13:50:28+00:00\",\"description\":\"HD Ledshine a brill\u00e9 lors du Grand Prix de Belgique 2023 \u00e0 Spa-Francorchamps avec des \u00e9crans LED de haute qualit\u00e9 qui ont donn\u00e9 vie \u00e0 l'action pour des milliers de fans.\",\"breadcrumb\":{\"@id\":\"https:\/\/www.hdledshine.com\/fr\/nouvelles\/evenements\/grand-prix-de-belgique-2023-spa-francorchamps\/#breadcrumb\"},\"inLanguage\":\"fr-FR\",\"potentialAction\":[{\"@type\":\"ReadAction\",\"target\":[\"https:\/\/www.hdledshine.com\/fr\/nouvelles\/evenements\/grand-prix-de-belgique-2023-spa-francorchamps\/\"]}]},{\"@type\":\"ImageObject\",\"inLanguage\":\"fr-FR\",\"@id\":\"https:\/\/www.hdledshine.com\/fr\/nouvelles\/evenements\/grand-prix-de-belgique-2023-spa-francorchamps\/#primaryimage\",\"url\":\"https:\/\/www.hdledshine.com\/wp-content\/uploads\/2024\/04\/spa-uitgelicht-scaled.jpg\",\"contentUrl\":\"https:\/\/www.hdledshine.com\/wp-content\/uploads\/2024\/04\/spa-uitgelicht-scaled.jpg\",\"width\":2560,\"height\":1211},{\"@type\":\"BreadcrumbList\",\"@id\":\"https:\/\/www.hdledshine.com\/fr\/nouvelles\/evenements\/grand-prix-de-belgique-2023-spa-francorchamps\/#breadcrumb\",\"itemListElement\":[{\"@type\":\"ListItem\",\"position\":1,\"name\":\"Home\",\"item\":\"https:\/\/www.hdledshine.com\/fr\/\"},{\"@type\":\"ListItem\",\"position\":2,\"name\":\"Ev\u00e9nements\",\"item\":\"https:\/\/www.hdledshine.com\/fr\/nouvelles\/evenements\/\"},{\"@type\":\"ListItem\",\"position\":3,\"name\":\"HD Ledshine au Grand Prix de Belgique 2023 \u00e0 Spa-Francorchamps\"}]},{\"@type\":\"WebSite\",\"@id\":\"https:\/\/www.hdledshine.com\/fr\/#website\",\"url\":\"https:\/\/www.hdledshine.com\/fr\/\",\"name\":\"HD Ledshine\",\"description\":\"\",\"publisher\":{\"@id\":\"https:\/\/www.hdledshine.com\/fr\/#organization\"},\"potentialAction\":[{\"@type\":\"SearchAction\",\"target\":{\"@type\":\"EntryPoint\",\"urlTemplate\":\"https:\/\/www.hdledshine.com\/fr\/?s={search_term_string}\"},\"query-input\":{\"@type\":\"PropertyValueSpecification\",\"valueRequired\":true,\"valueName\":\"search_term_string\"}}],\"inLanguage\":\"fr-FR\"},{\"@type\":\"Organization\",\"@id\":\"https:\/\/www.hdledshine.com\/fr\/#organization\",\"name\":\"HD Ledshine\",\"url\":\"https:\/\/www.hdledshine.com\/fr\/\",\"logo\":{\"@type\":\"ImageObject\",\"inLanguage\":\"fr-FR\",\"@id\":\"https:\/\/www.hdledshine.com\/fr\/#\/schema\/logo\/image\/\",\"url\":\"https:\/\/www.hdledshine.com\/wp-content\/uploads\/2022\/02\/logo.png\",\"contentUrl\":\"https:\/\/www.hdledshine.com\/wp-content\/uploads\/2022\/02\/logo.png\",\"width\":327,\"height\":56,\"caption\":\"HD Ledshine\"},\"image\":{\"@id\":\"https:\/\/www.hdledshine.com\/fr\/#\/schema\/logo\/image\/\"},\"sameAs\":[\"https:\/\/www.facebook.com\/hdledshine\",\"https:\/\/www.instagram.com\/hd.ledshine\/\",\"https:\/\/www.linkedin.com\/company\/hdledshine\/\"]},{\"@type\":\"Person\",\"@id\":\"https:\/\/www.hdledshine.com\/fr\/#\/schema\/person\/6170132a3ff0e957be63c285adfa541c\",\"name\":\"info@hdledshine.com\",\"image\":{\"@type\":\"ImageObject\",\"inLanguage\":\"fr-FR\",\"@id\":\"https:\/\/www.hdledshine.com\/fr\/#\/schema\/person\/image\/\",\"url\":\"https:\/\/secure.gravatar.com\/avatar\/e8e6d325ddad94ce3d6dd9a4db6671f9253403bc74ff3e9f5d6c49def4f85a2f?s=96&d=mm&r=g\",\"contentUrl\":\"https:\/\/secure.gravatar.com\/avatar\/e8e6d325ddad94ce3d6dd9a4db6671f9253403bc74ff3e9f5d6c49def4f85a2f?s=96&d=mm&r=g\",\"caption\":\"info@hdledshine.com\"}}]}<\/script>\n<!-- \/ Yoast SEO plugin. -->","yoast_head_json":{"title":"HD Ledshine au Grand Prix de Belgique 2023 \u00e0 Spa-Francorchamps - HD Ledshine","description":"HD Ledshine a brill\u00e9 lors du Grand Prix de Belgique 2023 \u00e0 Spa-Francorchamps avec des \u00e9crans LED de haute qualit\u00e9 qui ont donn\u00e9 vie \u00e0 l'action pour des milliers de fans.","robots":{"index":"index","follow":"follow","max-snippet":"max-snippet:-1","max-image-preview":"max-image-preview:large","max-video-preview":"max-video-preview:-1"},"canonical":"https:\/\/www.hdledshine.com\/fr\/nouvelles\/evenements\/grand-prix-de-belgique-2023-spa-francorchamps\/","og_locale":"fr_FR","og_type":"article","og_title":"HD Ledshine au Grand Prix de Belgique 2023 \u00e0 Spa-Francorchamps - HD Ledshine","og_description":"HD Ledshine a brill\u00e9 lors du Grand Prix de Belgique 2023 \u00e0 Spa-Francorchamps avec des \u00e9crans LED de haute qualit\u00e9 qui ont donn\u00e9 vie \u00e0 l'action pour des milliers de fans.","og_url":"https:\/\/www.hdledshine.com\/fr\/nouvelles\/evenements\/grand-prix-de-belgique-2023-spa-francorchamps\/","og_site_name":"HD Ledshine","article_publisher":"https:\/\/www.facebook.com\/hdledshine","article_published_time":"2023-04-15T13:30:23+00:00","article_modified_time":"2024-04-22T13:50:28+00:00","og_image":[{"width":2560,"height":1211,"url":"https:\/\/www.hdledshine.com\/wp-content\/uploads\/2024\/04\/spa-uitgelicht-scaled.jpg","type":"image\/jpeg"}],"author":"info@hdledshine.com","twitter_card":"summary_large_image","twitter_misc":{"\u00c9crit par":"info@hdledshine.com","Dur\u00e9e de lecture estim\u00e9e":"1 minute"},"schema":{"@context":"https:\/\/schema.org","@graph":[{"@type":"Article","@id":"https:\/\/www.hdledshine.com\/fr\/nouvelles\/evenements\/grand-prix-de-belgique-2023-spa-francorchamps\/#article","isPartOf":{"@id":"https:\/\/www.hdledshine.com\/fr\/nouvelles\/evenements\/grand-prix-de-belgique-2023-spa-francorchamps\/"},"author":{"name":"info@hdledshine.com","@id":"https:\/\/www.hdledshine.com\/fr\/#\/schema\/person\/6170132a3ff0e957be63c285adfa541c"},"headline":"HD Ledshine au Grand Prix de Belgique 2023 \u00e0 Spa-Francorchamps","datePublished":"2023-04-15T13:30:23+00:00","dateModified":"2024-04-22T13:50:28+00:00","mainEntityOfPage":{"@id":"https:\/\/www.hdledshine.com\/fr\/nouvelles\/evenements\/grand-prix-de-belgique-2023-spa-francorchamps\/"},"wordCount":165,"publisher":{"@id":"https:\/\/www.hdledshine.com\/fr\/#organization"},"image":{"@id":"https:\/\/www.hdledshine.com\/fr\/nouvelles\/evenements\/grand-prix-de-belgique-2023-spa-francorchamps\/#primaryimage"},"thumbnailUrl":"https:\/\/www.hdledshine.com\/wp-content\/uploads\/2024\/04\/spa-uitgelicht-scaled.jpg","articleSection":["Ev\u00e9nements"],"inLanguage":"fr-FR"},{"@type":"WebPage","@id":"https:\/\/www.hdledshine.com\/fr\/nouvelles\/evenements\/grand-prix-de-belgique-2023-spa-francorchamps\/","url":"https:\/\/www.hdledshine.com\/fr\/nouvelles\/evenements\/grand-prix-de-belgique-2023-spa-francorchamps\/","name":"HD Ledshine au Grand Prix de Belgique 2023 \u00e0 Spa-Francorchamps - HD Ledshine","isPartOf":{"@id":"https:\/\/www.hdledshine.com\/fr\/#website"},"primaryImageOfPage":{"@id":"https:\/\/www.hdledshine.com\/fr\/nouvelles\/evenements\/grand-prix-de-belgique-2023-spa-francorchamps\/#primaryimage"},"image":{"@id":"https:\/\/www.hdledshine.com\/fr\/nouvelles\/evenements\/grand-prix-de-belgique-2023-spa-francorchamps\/#primaryimage"},"thumbnailUrl":"https:\/\/www.hdledshine.com\/wp-content\/uploads\/2024\/04\/spa-uitgelicht-scaled.jpg","datePublished":"2023-04-15T13:30:23+00:00","dateModified":"2024-04-22T13:50:28+00:00","description":"HD Ledshine a brill\u00e9 lors du Grand Prix de Belgique 2023 \u00e0 Spa-Francorchamps avec des \u00e9crans LED de haute qualit\u00e9 qui ont donn\u00e9 vie \u00e0 l'action pour des milliers de fans.","breadcrumb":{"@id":"https:\/\/www.hdledshine.com\/fr\/nouvelles\/evenements\/grand-prix-de-belgique-2023-spa-francorchamps\/#breadcrumb"},"inLanguage":"fr-FR","potentialAction":[{"@type":"ReadAction","target":["https:\/\/www.hdledshine.com\/fr\/nouvelles\/evenements\/grand-prix-de-belgique-2023-spa-francorchamps\/"]}]},{"@type":"ImageObject","inLanguage":"fr-FR","@id":"https:\/\/www.hdledshine.com\/fr\/nouvelles\/evenements\/grand-prix-de-belgique-2023-spa-francorchamps\/#primaryimage","url":"https:\/\/www.hdledshine.com\/wp-content\/uploads\/2024\/04\/spa-uitgelicht-scaled.jpg","contentUrl":"https:\/\/www.hdledshine.com\/wp-content\/uploads\/2024\/04\/spa-uitgelicht-scaled.jpg","width":2560,"height":1211},{"@type":"BreadcrumbList","@id":"https:\/\/www.hdledshine.com\/fr\/nouvelles\/evenements\/grand-prix-de-belgique-2023-spa-francorchamps\/#breadcrumb","itemListElement":[{"@type":"ListItem","position":1,"name":"Home","item":"https:\/\/www.hdledshine.com\/fr\/"},{"@type":"ListItem","position":2,"name":"Ev\u00e9nements","item":"https:\/\/www.hdledshine.com\/fr\/nouvelles\/evenements\/"},{"@type":"ListItem","position":3,"name":"HD Ledshine au Grand Prix de Belgique 2023 \u00e0 Spa-Francorchamps"}]},{"@type":"WebSite","@id":"https:\/\/www.hdledshine.com\/fr\/#website","url":"https:\/\/www.hdledshine.com\/fr\/","name":"HD Ledshine","description":"","publisher":{"@id":"https:\/\/www.hdledshine.com\/fr\/#organization"},"potentialAction":[{"@type":"SearchAction","target":{"@type":"EntryPoint","urlTemplate":"https:\/\/www.hdledshine.com\/fr\/?s={search_term_string}"},"query-input":{"@type":"PropertyValueSpecification","valueRequired":true,"valueName":"search_term_string"}}],"inLanguage":"fr-FR"},{"@type":"Organization","@id":"https:\/\/www.hdledshine.com\/fr\/#organization","name":"HD Ledshine","url":"https:\/\/www.hdledshine.com\/fr\/","logo":{"@type":"ImageObject","inLanguage":"fr-FR","@id":"https:\/\/www.hdledshine.com\/fr\/#\/schema\/logo\/image\/","url":"https:\/\/www.hdledshine.com\/wp-content\/uploads\/2022\/02\/logo.png","contentUrl":"https:\/\/www.hdledshine.com\/wp-content\/uploads\/2022\/02\/logo.png","width":327,"height":56,"caption":"HD Ledshine"},"image":{"@id":"https:\/\/www.hdledshine.com\/fr\/#\/schema\/logo\/image\/"},"sameAs":["https:\/\/www.facebook.com\/hdledshine","https:\/\/www.instagram.com\/hd.ledshine\/","https:\/\/www.linkedin.com\/company\/hdledshine\/"]},{"@type":"Person","@id":"https:\/\/www.hdledshine.com\/fr\/#\/schema\/person\/6170132a3ff0e957be63c285adfa541c","name":"info@hdledshine.com","image":{"@type":"ImageObject","inLanguage":"fr-FR","@id":"https:\/\/www.hdledshine.com\/fr\/#\/schema\/person\/image\/","url":"https:\/\/secure.gravatar.com\/avatar\/e8e6d325ddad94ce3d6dd9a4db6671f9253403bc74ff3e9f5d6c49def4f85a2f?s=96&d=mm&r=g","contentUrl":"https:\/\/secure.gravatar.com\/avatar\/e8e6d325ddad94ce3d6dd9a4db6671f9253403bc74ff3e9f5d6c49def4f85a2f?s=96&d=mm&r=g","caption":"info@hdledshine.com"}}]}},"_links":{"self":[{"href":"https:\/\/www.hdledshine.com\/fr\/wp-json\/wp\/v2\/posts\/3509","targetHints":{"allow":["GET"]}}],"collection":[{"href":"https:\/\/www.hdledshine.com\/fr\/wp-json\/wp\/v2\/posts"}],"about":[{"href":"https:\/\/www.hdledshine.com\/fr\/wp-json\/wp\/v2\/types\/post"}],"author":[{"embeddable":true,"href":"https:\/\/www.hdledshine.com\/fr\/wp-json\/wp\/v2\/users\/2"}],"replies":[{"embeddable":true,"href":"https:\/\/www.hdledshine.com\/fr\/wp-json\/wp\/v2\/comments?post=3509"}],"version-history":[{"count":1,"href":"https:\/\/www.hdledshine.com\/fr\/wp-json\/wp\/v2\/posts\/3509\/revisions"}],"predecessor-version":[{"id":3510,"href":"https:\/\/www.hdledshine.com\/fr\/wp-json\/wp\/v2\/posts\/3509\/revisions\/3510"}],"wp:featuredmedia":[{"embeddable":true,"href":"https:\/\/www.hdledshine.com\/fr\/wp-json\/wp\/v2\/media\/3501"}],"wp:attachment":[{"href":"https:\/\/www.hdledshine.com\/fr\/wp-json\/wp\/v2\/media?parent=3509"}],"wp:term":[{"taxonomy":"category","embeddable":true,"href":"https:\/\/www.hdledshine.com\/fr\/wp-json\/wp\/v2\/categories?post=3509"},{"taxonomy":"post_tag","embeddable":true,"href":"https:\/\/www.hdledshine.com\/fr\/wp-json\/wp\/v2\/tags?post=3509"}],"curies":[{"name":"wp","href":"https:\/\/api.w.org\/{rel}","templated":true}]}}